{"id":1429,"date":"2025-03-03T08:00:00","date_gmt":"2025-03-03T07:00:00","guid":{"rendered":"https:\/\/passeport-voyance.com\/post\/?p=1429"},"modified":"2024-12-07T10:12:58","modified_gmt":"2024-12-07T09:12:58","slug":"signes-et-synchronicites-au-dela-des-esperances","status":"publish","type":"post","link":"https:\/\/passeport-voyance.com\/post\/signes-et-synchronicites-au-dela-des-esperances\/","title":{"rendered":"Signes et synchronicit\u00e9s : au-del\u00e0 des esp\u00e9rances"},"content":{"rendered":"<h2>Synchronicit\u00e9s et Survivance : Rencontre avec l'Invisible<\/h2>\n\n<p>Jean-Marc Bernad a entrepris l'\u00e9criture de cet ouvrage \u00e0 la suite d'une exp\u00e9rience personnelle bouleversante. Il a v\u00e9cu la perte successive de ses deux parents, survenus \u00e0 seulement trois mois d'intervalle. Cette double \u00e9preuve du deuil l'a conduit \u00e0 vivre une exp\u00e9rience spirituelle extraordinaire. Durant les quatre ann\u00e9es qui ont suivi ces d\u00e9c\u00e8s, il a m\u00e9ticuleusement document\u00e9 et analys\u00e9 plus de quatre cents signes. Ces signes, selon lui, \u00e9manaient de ses parents d\u00e9funts. Ce processus de collecte et d'interpr\u00e9tation de ces synchronicit\u00e9s a transform\u00e9 sa trajectoire de deuil. Il en a fait un parcours de reconnexion profond et salvateur.<\/p>\n\n\n\n<div class=\"bloc_amz_pspv\">\n  <div class=\"bloc_amz_body_pspv\">\n    <div class=\"bloc_amz_title_pspv\">\n    <a href=\"https:\/\/www.amazon.fr\/dp\/B09ZLPJNRN\/ref=nosim?tag=pspv-21\" class=\"bloc_amz_title_pspv\" title=\"Lien sponsoris\u00e9 vers Amazon\" target=\"_blank\" rel=\"nofollow noopener noreferrer\"><b>Signes et synchronicit\u00e9s au-del\u00e0 des esp\u00e9rances<\/b><\/a><br>\n    <span>de Jean-Marc Bernad<\/span><br>\n    <\/div>\n    <div mt-20\"><a href=\"https:\/\/www.amazon.fr\/dp\/B09ZLPJNRN\/ref=nosim?tag=pspv-21\" class=\"bloc_amz_button_pspv title=\"Lien sponsoris\u00e9 vers Amazon\" target=\"_blank\" rel=\"nofollow noopener noreferrer\">>>> D\u00e9couvrez sur Amazon >>><\/a>\n    <\/div>\n  <\/div>\n<\/div>\n\n<h2 class=\"pleft\">La Philosophie des Signes<\/h2>\n\n<p>L'ouvrage d\u00e9veloppe une vision novatrice de la communication entre les mondes visible et invisible. Bernad postule que les \u00eatres chers d\u00e9c\u00e9d\u00e9s maintiennent une connexion active avec leurs proches. Ils communiquent par le biais de signes subtils mais significatifs. Ces manifestations transcendent largement les barri\u00e8res physiques et logiques traditionnelles. Elles s'expriment \u00e0 travers des canaux perceptifs vari\u00e9s : r\u00eaves, co\u00efncidences, sensations inexpliqu\u00e9es, ph\u00e9nom\u00e8nes naturels ou objets symboliques. L'auteur invite \u00e0 une r\u00e9ception active et bienveillante de ces messages. Il les consid\u00e8re non comme des hasards, mais comme des tentatives intentionnelles de communication.<\/p>\n\n<h2 class=\"pleft\">Statistiques et Perception Sociale<\/h2>\n\n<p>S'appuyant sur des donn\u00e9es sociologiques marquantes, Bernad souligne que 24% des Fran\u00e7ais ayant v\u00e9cu la perte d'un proche affirment avoir re\u00e7u un ou plusieurs signes de leur part. Cette proportion significative sugg\u00e8re que l'exp\u00e9rience des synchronicit\u00e9s post-mortem est bien plus r\u00e9pandue et ancr\u00e9e dans la r\u00e9alit\u00e9 sociale qu'on ne le suppose g\u00e9n\u00e9ralement. Cette statistique invite \u00e0 reconsid\u00e9rer les paradigmes conventionnels de compr\u00e9hension de la mort et de la continuit\u00e9 de la conscience.<\/p>\n\n\n\n<div class=\"bloc_amz_pspv\">\n  <div class=\"bloc_amz_body_pspv\">\n    <div class=\"bloc_amz_title_pspv\">\n    <a href=\"https:\/\/www.amazon.fr\/dp\/B09ZLPJNRN\/ref=nosim?tag=pspv-21\" class=\"bloc_amz_title_pspv\" title=\"Lien sponsoris\u00e9 vers Amazon\" target=\"_blank\" rel=\"nofollow noopener noreferrer\"><b>Signes et synchronicit\u00e9s au-del\u00e0 des esp\u00e9rances<\/b><\/a><br>\n    <span>de Jean-Marc Bernad<\/span><br>\n    <\/div>\n    <div mt-20\"><a href=\"https:\/\/www.amazon.fr\/dp\/B09ZLPJNRN\/ref=nosim?tag=pspv-21\" class=\"bloc_amz_button_pspv title=\"Lien sponsoris\u00e9 vers Amazon\" target=\"_blank\" rel=\"nofollow noopener noreferrer\">>>> D\u00e9couvrez sur Amazon >>><\/a>\n    <\/div>\n  <\/div>\n<\/div>\n\n<h2 class=\"pleft\">Approche et M\u00e9thodologie<\/h2>\n\n<p>Le livre se distingue par ses conseils pratiques et sa m\u00e9thodologie d'ouverture \u00e0 la r\u00e9ception des signes. Bernad encourage les lecteurs \u00e0 d\u00e9velopper une sensibilit\u00e9 accrue, \u00e0 cultiver une forme d'attention m\u00e9ditative et bienveillante. Il propose des techniques concr\u00e8tes pour apprendre \u00e0 reconna\u00eetre, accueillir et interpr\u00e9ter ces messages potentiels : m\u00e9ditation, journal de synchronicit\u00e9s, d\u00e9veloppement de l'intuition, d\u00e9conditionnnement des sch\u00e9mas mentaux rationnels qui font obstacle \u00e0 la perception subtile.<\/p>\n\n<h2 class=\"pleft\">Dimension Spirituelle et Emotionnelle<\/h2>\n\n<p>Au-del\u00e0 de la simple documentation de ph\u00e9nom\u00e8nes, l'ouvrage offre une perspective r\u00e9confortante et transformatrice sur la survie de l'\u00e2me. Bernad invite les lecteurs \u00e0 d\u00e9passer le chagrin et la s\u00e9paration physique pour percevoir l'amour comme une connexion \u00e9ternelle, ind\u00e9pendante des limites temporelles et spatiales. Il propose une vision r\u00e9confortante o\u00f9 la mort n'est pas une fin, mais une transition, et o\u00f9 les liens affectifs persistent au-del\u00e0 de la disparition physique.<\/p>\n\n\n\n<div class=\"bloc_amz_pspv\">\n  <div class=\"bloc_amz_body_pspv\">\n    <div class=\"bloc_amz_title_pspv\">\n    <a href=\"https:\/\/www.amazon.fr\/dp\/B09ZLPJNRN\/ref=nosim?tag=pspv-21\" class=\"bloc_amz_title_pspv\" title=\"Lien sponsoris\u00e9 vers Amazon\" target=\"_blank\" rel=\"nofollow noopener noreferrer\"><b>Signes et synchronicit\u00e9s au-del\u00e0 des esp\u00e9rances<\/b><\/a><br>\n    <span>de Jean-Marc Bernad<\/span><br>\n    <\/div>\n    <div mt-20\"><a href=\"https:\/\/www.amazon.fr\/dp\/B09ZLPJNRN\/ref=nosim?tag=pspv-21\" class=\"bloc_amz_button_pspv title=\"Lien sponsoris\u00e9 vers Amazon\" target=\"_blank\" rel=\"nofollow noopener noreferrer\">>>> D\u00e9couvrez sur Amazon >>><\/a>\n    <\/div>\n  <\/div>\n<\/div>\n\n<h2 class=\"pleft\">Impact et Perspective<\/h2>\n\n<p>\"Signes et synchronicit\u00e9s au-del\u00e0 des esp\u00e9rances\" se pr\u00e9sente comme un t\u00e9moignage profond\u00e9ment inspirant qui encourage \u00e0 r\u00e9enchanter sa vie apr\u00e8s la perte. En partageant son exp\u00e9rience personnelle et ses observations, Jean-Marc Bernad ouvre des perspectives nouvelles sur le deuil, la spiritualit\u00e9 et la nature de la conscience. Son livre invite chaque lecteur \u00e0 d\u00e9velopper une sensibilit\u00e9 plus large, \u00e0 accueillir l'inexplicable et \u00e0 entrevoir la possibilit\u00e9 d'une continuit\u00e9 de l'amour par-del\u00e0 les fronti\u00e8res de la mort.<\/p>\n","protected":false},"excerpt":{"rendered":"<p>Synchronicit\u00e9s et Survivance : Rencontre avec l&rsquo;Invisible Jean-Marc Bernad a entrepris l&rsquo;\u00e9criture de cet ouvrage \u00e0 la suite d&rsquo;une exp\u00e9rience personnelle bouleversante. Il a v\u00e9cu la perte successive de ses deux parents, survenus \u00e0 seulement trois mois d&rsquo;intervalle. Cette double [&hellip;]<\/p>\n","protected":false},"author":1,"featured_media":1432,"comment_status":"open","ping_status":"closed","sticky":false,"template":"","format":"standard","meta":{"footnotes":""},"categories":[9,5],"tags":[],"class_list":["post-1429","post","type-post","status-publish","format-standard","has-post-thumbnail","hentry","category-tous-les-articles","category-vitrine"],"yoast_head":"<!-- This site is optimized with the Yoast SEO plugin v27.4 - https:\/\/yoast.com\/product\/yoast-seo-wordpress\/ -->\n<title>Signes et synchronicit\u00e9s : au-del\u00e0 des esp\u00e9rances - Passeport Voyance<\/title>\n<meta name=\"robots\" content=\"index, follow, max-snippet:-1, max-image-preview:large, max-video-preview:-1\" \/>\n<link rel=\"canonical\" href=\"https:\/\/passeport-voyance.com\/post\/signes-et-synchronicites-au-dela-des-esperances\/\" \/>\n<meta property=\"og:locale\" content=\"fr_FR\" \/>\n<meta property=\"og:type\" content=\"article\" \/>\n<meta property=\"og:title\" content=\"Signes et synchronicit\u00e9s : au-del\u00e0 des esp\u00e9rances - Passeport Voyance\" \/>\n<meta property=\"og:description\" content=\"Synchronicit\u00e9s et Survivance : Rencontre avec l&#039;Invisible Jean-Marc Bernad a entrepris l&#039;\u00e9criture de cet ouvrage \u00e0 la suite d&#039;une exp\u00e9rience personnelle bouleversante. Il a v\u00e9cu la perte successive de ses deux parents, survenus \u00e0 seulement trois mois d&#039;intervalle. Cette double [&hellip;]\" \/>\n<meta property=\"og:url\" content=\"https:\/\/passeport-voyance.com\/post\/signes-et-synchronicites-au-dela-des-esperances\/\" \/>\n<meta property=\"og:site_name\" content=\"Passeport Voyance\" \/>\n<meta property=\"article:published_time\" content=\"2025-03-03T07:00:00+00:00\" \/>\n<meta property=\"og:image\" content=\"https:\/\/passeport-voyance.com\/post\/wp-content\/uploads\/2024\/12\/signes-et-synchronicites-600x338-1.jpg\" \/>\n\t<meta property=\"og:image:width\" content=\"600\" \/>\n\t<meta property=\"og:image:height\" content=\"338\" \/>\n\t<meta property=\"og:image:type\" content=\"image\/jpeg\" \/>\n<meta name=\"author\" content=\"Candellia\" \/>\n<meta name=\"twitter:card\" content=\"summary_large_image\" \/>\n<meta name=\"twitter:label1\" content=\"\u00c9crit par\" \/>\n\t<meta name=\"twitter:data1\" content=\"Candellia\" \/>\n\t<meta name=\"twitter:label2\" content=\"Dur\u00e9e de lecture estim\u00e9e\" \/>\n\t<meta name=\"twitter:data2\" content=\"11 minutes\" \/>\n<script type=\"application\/ld+json\" class=\"yoast-schema-graph\">{\"@context\":\"https:\\\/\\\/schema.org\",\"@graph\":[{\"@type\":\"Article\",\"@id\":\"https:\\\/\\\/passeport-voyance.com\\\/post\\\/signes-et-synchronicites-au-dela-des-esperances\\\/#article\",\"isPartOf\":{\"@id\":\"https:\\\/\\\/passeport-voyance.com\\\/post\\\/signes-et-synchronicites-au-dela-des-esperances\\\/\"},\"author\":{\"name\":\"Candellia\",\"@id\":\"https:\\\/\\\/passeport-voyance.com\\\/post\\\/#\\\/schema\\\/person\\\/8df9910c9d56f4e5b91d04a21d8e82c0\"},\"headline\":\"Signes et synchronicit\u00e9s : au-del\u00e0 des esp\u00e9rances\",\"datePublished\":\"2025-03-03T07:00:00+00:00\",\"mainEntityOfPage\":{\"@id\":\"https:\\\/\\\/passeport-voyance.com\\\/post\\\/signes-et-synchronicites-au-dela-des-esperances\\\/\"},\"wordCount\":581,\"commentCount\":0,\"image\":{\"@id\":\"https:\\\/\\\/passeport-voyance.com\\\/post\\\/signes-et-synchronicites-au-dela-des-esperances\\\/#primaryimage\"},\"thumbnailUrl\":\"https:\\\/\\\/passeport-voyance.com\\\/post\\\/wp-content\\\/uploads\\\/2024\\\/12\\\/signes-et-synchronicites-600x338-1.jpg\",\"articleSection\":[\"Tous les Articles\",\"Vitrine - La Vitrine de l'extra-ordinaire\"],\"inLanguage\":\"fr-FR\",\"potentialAction\":[{\"@type\":\"CommentAction\",\"name\":\"Comment\",\"target\":[\"https:\\\/\\\/passeport-voyance.com\\\/post\\\/signes-et-synchronicites-au-dela-des-esperances\\\/#respond\"]}]},{\"@type\":\"WebPage\",\"@id\":\"https:\\\/\\\/passeport-voyance.com\\\/post\\\/signes-et-synchronicites-au-dela-des-esperances\\\/\",\"url\":\"https:\\\/\\\/passeport-voyance.com\\\/post\\\/signes-et-synchronicites-au-dela-des-esperances\\\/\",\"name\":\"Signes et synchronicit\u00e9s : au-del\u00e0 des esp\u00e9rances - Passeport Voyance\",\"isPartOf\":{\"@id\":\"https:\\\/\\\/passeport-voyance.com\\\/post\\\/#website\"},\"primaryImageOfPage\":{\"@id\":\"https:\\\/\\\/passeport-voyance.com\\\/post\\\/signes-et-synchronicites-au-dela-des-esperances\\\/#primaryimage\"},\"image\":{\"@id\":\"https:\\\/\\\/passeport-voyance.com\\\/post\\\/signes-et-synchronicites-au-dela-des-esperances\\\/#primaryimage\"},\"thumbnailUrl\":\"https:\\\/\\\/passeport-voyance.com\\\/post\\\/wp-content\\\/uploads\\\/2024\\\/12\\\/signes-et-synchronicites-600x338-1.jpg\",\"datePublished\":\"2025-03-03T07:00:00+00:00\",\"author\":{\"@id\":\"https:\\\/\\\/passeport-voyance.com\\\/post\\\/#\\\/schema\\\/person\\\/8df9910c9d56f4e5b91d04a21d8e82c0\"},\"breadcrumb\":{\"@id\":\"https:\\\/\\\/passeport-voyance.com\\\/post\\\/signes-et-synchronicites-au-dela-des-esperances\\\/#breadcrumb\"},\"inLanguage\":\"fr-FR\",\"potentialAction\":[{\"@type\":\"ReadAction\",\"target\":[\"https:\\\/\\\/passeport-voyance.com\\\/post\\\/signes-et-synchronicites-au-dela-des-esperances\\\/\"]}]},{\"@type\":\"ImageObject\",\"inLanguage\":\"fr-FR\",\"@id\":\"https:\\\/\\\/passeport-voyance.com\\\/post\\\/signes-et-synchronicites-au-dela-des-esperances\\\/#primaryimage\",\"url\":\"https:\\\/\\\/passeport-voyance.com\\\/post\\\/wp-content\\\/uploads\\\/2024\\\/12\\\/signes-et-synchronicites-600x338-1.jpg\",\"contentUrl\":\"https:\\\/\\\/passeport-voyance.com\\\/post\\\/wp-content\\\/uploads\\\/2024\\\/12\\\/signes-et-synchronicites-600x338-1.jpg\",\"width\":600,\"height\":338,\"caption\":\"Signes et synchronicit\u00e9s : au-del\u00e0 des esp\u00e9rances\"},{\"@type\":\"BreadcrumbList\",\"@id\":\"https:\\\/\\\/passeport-voyance.com\\\/post\\\/signes-et-synchronicites-au-dela-des-esperances\\\/#breadcrumb\",\"itemListElement\":[{\"@type\":\"ListItem\",\"position\":1,\"name\":\"Accueil\",\"item\":\"https:\\\/\\\/passeport-voyance.com\\\/post\\\/\"},{\"@type\":\"ListItem\",\"position\":2,\"name\":\"Tous les Articles\",\"item\":\"https:\\\/\\\/passeport-voyance.com\\\/post\\\/categorie\\\/tous-les-articles\\\/\"},{\"@type\":\"ListItem\",\"position\":3,\"name\":\"Signes et synchronicit\u00e9s : au-del\u00e0 des esp\u00e9rances\"}]},{\"@type\":\"WebSite\",\"@id\":\"https:\\\/\\\/passeport-voyance.com\\\/post\\\/#website\",\"url\":\"https:\\\/\\\/passeport-voyance.com\\\/post\\\/\",\"name\":\"Passeport Voyance\",\"description\":\"\",\"potentialAction\":[{\"@type\":\"SearchAction\",\"target\":{\"@type\":\"EntryPoint\",\"urlTemplate\":\"https:\\\/\\\/passeport-voyance.com\\\/post\\\/?s={search_term_string}\"},\"query-input\":{\"@type\":\"PropertyValueSpecification\",\"valueRequired\":true,\"valueName\":\"search_term_string\"}}],\"inLanguage\":\"fr-FR\"},{\"@type\":\"Person\",\"@id\":\"https:\\\/\\\/passeport-voyance.com\\\/post\\\/#\\\/schema\\\/person\\\/8df9910c9d56f4e5b91d04a21d8e82c0\",\"name\":\"Candellia\",\"sameAs\":[\"https:\\\/\\\/passeport-voyance.com\\\/post\"]}]}<\/script>\n<!-- \/ Yoast SEO plugin. -->","yoast_head_json":{"title":"Signes et synchronicit\u00e9s : au-del\u00e0 des esp\u00e9rances - Passeport Voyance","robots":{"index":"index","follow":"follow","max-snippet":"max-snippet:-1","max-image-preview":"max-image-preview:large","max-video-preview":"max-video-preview:-1"},"canonical":"https:\/\/passeport-voyance.com\/post\/signes-et-synchronicites-au-dela-des-esperances\/","og_locale":"fr_FR","og_type":"article","og_title":"Signes et synchronicit\u00e9s : au-del\u00e0 des esp\u00e9rances - Passeport Voyance","og_description":"Synchronicit\u00e9s et Survivance : Rencontre avec l'Invisible Jean-Marc Bernad a entrepris l'\u00e9criture de cet ouvrage \u00e0 la suite d'une exp\u00e9rience personnelle bouleversante. Il a v\u00e9cu la perte successive de ses deux parents, survenus \u00e0 seulement trois mois d'intervalle. Cette double [&hellip;]","og_url":"https:\/\/passeport-voyance.com\/post\/signes-et-synchronicites-au-dela-des-esperances\/","og_site_name":"Passeport Voyance","article_published_time":"2025-03-03T07:00:00+00:00","og_image":[{"width":600,"height":338,"url":"https:\/\/passeport-voyance.com\/post\/wp-content\/uploads\/2024\/12\/signes-et-synchronicites-600x338-1.jpg","type":"image\/jpeg"}],"author":"Candellia","twitter_card":"summary_large_image","twitter_misc":{"\u00c9crit par":"Candellia","Dur\u00e9e de lecture estim\u00e9e":"11 minutes"},"schema":{"@context":"https:\/\/schema.org","@graph":[{"@type":"Article","@id":"https:\/\/passeport-voyance.com\/post\/signes-et-synchronicites-au-dela-des-esperances\/#article","isPartOf":{"@id":"https:\/\/passeport-voyance.com\/post\/signes-et-synchronicites-au-dela-des-esperances\/"},"author":{"name":"Candellia","@id":"https:\/\/passeport-voyance.com\/post\/#\/schema\/person\/8df9910c9d56f4e5b91d04a21d8e82c0"},"headline":"Signes et synchronicit\u00e9s : au-del\u00e0 des esp\u00e9rances","datePublished":"2025-03-03T07:00:00+00:00","mainEntityOfPage":{"@id":"https:\/\/passeport-voyance.com\/post\/signes-et-synchronicites-au-dela-des-esperances\/"},"wordCount":581,"commentCount":0,"image":{"@id":"https:\/\/passeport-voyance.com\/post\/signes-et-synchronicites-au-dela-des-esperances\/#primaryimage"},"thumbnailUrl":"https:\/\/passeport-voyance.com\/post\/wp-content\/uploads\/2024\/12\/signes-et-synchronicites-600x338-1.jpg","articleSection":["Tous les Articles","Vitrine - La Vitrine de l'extra-ordinaire"],"inLanguage":"fr-FR","potentialAction":[{"@type":"CommentAction","name":"Comment","target":["https:\/\/passeport-voyance.com\/post\/signes-et-synchronicites-au-dela-des-esperances\/#respond"]}]},{"@type":"WebPage","@id":"https:\/\/passeport-voyance.com\/post\/signes-et-synchronicites-au-dela-des-esperances\/","url":"https:\/\/passeport-voyance.com\/post\/signes-et-synchronicites-au-dela-des-esperances\/","name":"Signes et synchronicit\u00e9s : au-del\u00e0 des esp\u00e9rances - Passeport Voyance","isPartOf":{"@id":"https:\/\/passeport-voyance.com\/post\/#website"},"primaryImageOfPage":{"@id":"https:\/\/passeport-voyance.com\/post\/signes-et-synchronicites-au-dela-des-esperances\/#primaryimage"},"image":{"@id":"https:\/\/passeport-voyance.com\/post\/signes-et-synchronicites-au-dela-des-esperances\/#primaryimage"},"thumbnailUrl":"https:\/\/passeport-voyance.com\/post\/wp-content\/uploads\/2024\/12\/signes-et-synchronicites-600x338-1.jpg","datePublished":"2025-03-03T07:00:00+00:00","author":{"@id":"https:\/\/passeport-voyance.com\/post\/#\/schema\/person\/8df9910c9d56f4e5b91d04a21d8e82c0"},"breadcrumb":{"@id":"https:\/\/passeport-voyance.com\/post\/signes-et-synchronicites-au-dela-des-esperances\/#breadcrumb"},"inLanguage":"fr-FR","potentialAction":[{"@type":"ReadAction","target":["https:\/\/passeport-voyance.com\/post\/signes-et-synchronicites-au-dela-des-esperances\/"]}]},{"@type":"ImageObject","inLanguage":"fr-FR","@id":"https:\/\/passeport-voyance.com\/post\/signes-et-synchronicites-au-dela-des-esperances\/#primaryimage","url":"https:\/\/passeport-voyance.com\/post\/wp-content\/uploads\/2024\/12\/signes-et-synchronicites-600x338-1.jpg","contentUrl":"https:\/\/passeport-voyance.com\/post\/wp-content\/uploads\/2024\/12\/signes-et-synchronicites-600x338-1.jpg","width":600,"height":338,"caption":"Signes et synchronicit\u00e9s : au-del\u00e0 des esp\u00e9rances"},{"@type":"BreadcrumbList","@id":"https:\/\/passeport-voyance.com\/post\/signes-et-synchronicites-au-dela-des-esperances\/#breadcrumb","itemListElement":[{"@type":"ListItem","position":1,"name":"Accueil","item":"https:\/\/passeport-voyance.com\/post\/"},{"@type":"ListItem","position":2,"name":"Tous les Articles","item":"https:\/\/passeport-voyance.com\/post\/categorie\/tous-les-articles\/"},{"@type":"ListItem","position":3,"name":"Signes et synchronicit\u00e9s : au-del\u00e0 des esp\u00e9rances"}]},{"@type":"WebSite","@id":"https:\/\/passeport-voyance.com\/post\/#website","url":"https:\/\/passeport-voyance.com\/post\/","name":"Passeport Voyance","description":"","potentialAction":[{"@type":"SearchAction","target":{"@type":"EntryPoint","urlTemplate":"https:\/\/passeport-voyance.com\/post\/?s={search_term_string}"},"query-input":{"@type":"PropertyValueSpecification","valueRequired":true,"valueName":"search_term_string"}}],"inLanguage":"fr-FR"},{"@type":"Person","@id":"https:\/\/passeport-voyance.com\/post\/#\/schema\/person\/8df9910c9d56f4e5b91d04a21d8e82c0","name":"Candellia","sameAs":["https:\/\/passeport-voyance.com\/post"]}]}},"_links":{"self":[{"href":"https:\/\/passeport-voyance.com\/post\/wp-json\/wp\/v2\/posts\/1429","targetHints":{"allow":["GET"]}}],"collection":[{"href":"https:\/\/passeport-voyance.com\/post\/wp-json\/wp\/v2\/posts"}],"about":[{"href":"https:\/\/passeport-voyance.com\/post\/wp-json\/wp\/v2\/types\/post"}],"author":[{"embeddable":true,"href":"https:\/\/passeport-voyance.com\/post\/wp-json\/wp\/v2\/users\/1"}],"replies":[{"embeddable":true,"href":"https:\/\/passeport-voyance.com\/post\/wp-json\/wp\/v2\/comments?post=1429"}],"version-history":[{"count":7,"href":"https:\/\/passeport-voyance.com\/post\/wp-json\/wp\/v2\/posts\/1429\/revisions"}],"predecessor-version":[{"id":1437,"href":"https:\/\/passeport-voyance.com\/post\/wp-json\/wp\/v2\/posts\/1429\/revisions\/1437"}],"wp:featuredmedia":[{"embeddable":true,"href":"https:\/\/passeport-voyance.com\/post\/wp-json\/wp\/v2\/media\/1432"}],"wp:attachment":[{"href":"https:\/\/passeport-voyance.com\/post\/wp-json\/wp\/v2\/media?parent=1429"}],"wp:term":[{"taxonomy":"category","embeddable":true,"href":"https:\/\/passeport-voyance.com\/post\/wp-json\/wp\/v2\/categories?post=1429"},{"taxonomy":"post_tag","embeddable":true,"href":"https:\/\/passeport-voyance.com\/post\/wp-json\/wp\/v2\/tags?post=1429"}],"curies":[{"name":"wp","href":"https:\/\/api.w.org\/{rel}","templated":true}]}}